{"id":1335,"date":"2024-09-19T07:36:00","date_gmt":"2024-09-19T05:36:00","guid":{"rendered":"https:\/\/es.euroelectrictour.com\/es\/uncategorised\/1335\/26-septembre-journee-europeenne-des-langues\/"},"modified":"2024-08-29T19:23:44","modified_gmt":"2024-08-29T17:23:44","slug":"26-septembre-journee-europeenne-des-langues","status":"publish","type":"post","link":"https:\/\/es.euroelectrictour.com\/es\/uncategorised\/1335\/26-septembre-journee-europeenne-des-langues\/","title":{"rendered":"26 de septiembre &#8211; D\u00eda Europeo de las #Lenguas"},"content":{"rendered":"<p>\u00a1Tantos idiomas diferentes en Europa y en Le Monde!<\/p>\n<p><!--more--><\/p>\n<p>\u00bfQu\u00e9 lenguaje universal se utiliza para compartir descubrimientos e ideas?<\/p>\n<p>Fotos, dibujos, m\u00fasica, gr\u00e1ficos, mapas, v\u00eddeos, traduccionespersonas,&#8230;.<\/p>\n<p><strong>26 septembre &#8211; Journ\u00e9e Europ\u00e9enne des #Langues :<\/strong><\/p>\n<p><img decoding=\"async\" class=\" size-full wp-image-1293\" src=\"https:\/\/es.euroelectrictour.com\/es\/wp-content\/uploads\/2017\/09\/images_photoMix_yyyy0926_JourneeEuropeeneDesLangues_logo-edl-small.gif\" alt=\"logo edl small\" width=\"247\" height=\"154\" \/><\/p>\n<p><a href=\"https:\/\/edl.ecml.at\/\" target=\"_blank\" rel=\"noopener noreferrer\">http:\/\/edl.ecml.at\/<\/a><\/p>\n<p>Illustrations : \u00a9 Conseil de l&#8217;Europe, Strasbourg <a href=\"http:\/\/www.coe.int\/JEL\" target=\"_blank\" rel=\"noopener noreferrer\">www.coe.int\/JEL<\/a><\/p>\n<p><img decoding=\"async\" class=\" size-full wp-image-1294\" src=\"https:\/\/es.euroelectrictour.com\/es\/wp-content\/uploads\/2017\/09\/images_photoMix_yyyy0926_JourneeEuropeeneDesLangues_klein-01.jpg\" alt=\"\" width=\"150\" height=\"81\" \/><img decoding=\"async\" class=\" size-full wp-image-1295\" src=\"https:\/\/es.euroelectrictour.com\/es\/wp-content\/uploads\/2017\/09\/images_photoMix_yyyy0926_JourneeEuropeeneDesLangues_klein-02.jpg\" alt=\"\" width=\"150\" height=\"81\" \/> <img loading=\"lazy\" decoding=\"async\" class=\" size-full wp-image-1296\" src=\"https:\/\/es.euroelectrictour.com\/es\/wp-content\/uploads\/2017\/09\/images_photoMix_yyyy0926_JourneeEuropeeneDesLangues_klein-03.jpg\" alt=\"\" width=\"150\" height=\"81\" \/> <img loading=\"lazy\" decoding=\"async\" class=\" size-full wp-image-1297\" src=\"https:\/\/es.euroelectrictour.com\/es\/wp-content\/uploads\/2017\/09\/images_photoMix_yyyy0926_JourneeEuropeeneDesLangues_klein-04.jpg\" alt=\"\" width=\"150\" height=\"81\" \/> <img loading=\"lazy\" decoding=\"async\" class=\" size-full wp-image-1298\" src=\"https:\/\/es.euroelectrictour.com\/es\/wp-content\/uploads\/2017\/09\/images_photoMix_yyyy0926_JourneeEuropeeneDesLangues_klein-05.jpg\" alt=\"\" width=\"150\" height=\"81\" \/> <img loading=\"lazy\" decoding=\"async\" class=\" size-full wp-image-1299\" src=\"https:\/\/es.euroelectrictour.com\/es\/wp-content\/uploads\/2017\/09\/images_photoMix_yyyy0926_JourneeEuropeeneDesLangues_klein-06.jpg\" alt=\"\" width=\"150\" height=\"81\" \/> <img loading=\"lazy\" decoding=\"async\" class=\" size-full wp-image-1300\" src=\"https:\/\/es.euroelectrictour.com\/es\/wp-content\/uploads\/2017\/09\/images_photoMix_yyyy0926_JourneeEuropeeneDesLangues_klein-07.jpg\" alt=\"\" width=\"150\" height=\"81\" \/> <img loading=\"lazy\" decoding=\"async\" class=\" size-full wp-image-1301\" src=\"https:\/\/es.euroelectrictour.com\/es\/wp-content\/uploads\/2017\/09\/images_photoMix_yyyy0926_JourneeEuropeeneDesLangues_klein-08.jpg\" alt=\"\" width=\"150\" height=\"81\" \/> <img loading=\"lazy\" decoding=\"async\" class=\" size-full wp-image-1302\" src=\"https:\/\/es.euroelectrictour.com\/es\/wp-content\/uploads\/2017\/09\/images_photoMix_yyyy0926_JourneeEuropeeneDesLangues_klein-09.jpg\" alt=\"\" width=\"150\" height=\"81\" \/> <img loading=\"lazy\" decoding=\"async\" class=\" size-full wp-image-1303\" src=\"https:\/\/es.euroelectrictour.com\/es\/wp-content\/uploads\/2017\/09\/images_photoMix_yyyy0926_JourneeEuropeeneDesLangues_klein-10.jpg\" alt=\"\" width=\"150\" height=\"81\" \/> <img loading=\"lazy\" decoding=\"async\" class=\" size-full wp-image-1304\" src=\"https:\/\/es.euroelectrictour.com\/es\/wp-content\/uploads\/2017\/09\/images_photoMix_yyyy0926_JourneeEuropeeneDesLangues_klein-11.jpg\" alt=\"\" width=\"150\" height=\"81\" \/> <img loading=\"lazy\" decoding=\"async\" class=\" size-full wp-image-1305\" src=\"https:\/\/es.euroelectrictour.com\/es\/wp-content\/uploads\/2017\/09\/images_photoMix_yyyy0926_JourneeEuropeeneDesLangues_klein-12.jpg\" alt=\"\" width=\"150\" height=\"81\" \/> <img loading=\"lazy\" decoding=\"async\" class=\" size-full wp-image-1306\" src=\"https:\/\/es.euroelectrictour.com\/es\/wp-content\/uploads\/2017\/09\/images_photoMix_yyyy0926_JourneeEuropeeneDesLangues_klein-13.jpg\" alt=\"\" width=\"150\" height=\"81\" \/> <img loading=\"lazy\" decoding=\"async\" class=\" size-full wp-image-1307\" src=\"https:\/\/es.euroelectrictour.com\/es\/wp-content\/uploads\/2017\/09\/images_photoMix_yyyy0926_JourneeEuropeeneDesLangues_klein-14.jpg\" alt=\"\" width=\"150\" height=\"81\" \/> <img loading=\"lazy\" decoding=\"async\" class=\" size-full wp-image-1308\" src=\"https:\/\/es.euroelectrictour.com\/es\/wp-content\/uploads\/2017\/09\/images_photoMix_yyyy0926_JourneeEuropeeneDesLangues_klein-15.jpg\" alt=\"\" width=\"150\" height=\"81\" \/> <img loading=\"lazy\" decoding=\"async\" class=\" size-full wp-image-1309\" src=\"https:\/\/es.euroelectrictour.com\/es\/wp-content\/uploads\/2017\/09\/images_photoMix_yyyy0926_JourneeEuropeeneDesLangues_klein-16.jpg\" alt=\"\" width=\"150\" height=\"81\" \/> <img loading=\"lazy\" decoding=\"async\" class=\" size-full wp-image-1310\" src=\"https:\/\/es.euroelectrictour.com\/es\/wp-content\/uploads\/2017\/09\/images_photoMix_yyyy0926_JourneeEuropeeneDesLangues_klein-17.jpg\" alt=\"\" width=\"150\" height=\"81\" \/> <img loading=\"lazy\" decoding=\"async\" class=\" size-full wp-image-1311\" src=\"https:\/\/es.euroelectrictour.com\/es\/wp-content\/uploads\/2017\/09\/images_photoMix_yyyy0926_JourneeEuropeeneDesLangues_klein-18.jpg\" alt=\"\" width=\"150\" height=\"81\" \/> <img loading=\"lazy\" decoding=\"async\" class=\" size-full wp-image-1312\" src=\"https:\/\/es.euroelectrictour.com\/es\/wp-content\/uploads\/2017\/09\/images_photoMix_yyyy0926_JourneeEuropeeneDesLangues_klein-19.jpg\" alt=\"\" width=\"150\" height=\"81\" \/> <img loading=\"lazy\" decoding=\"async\" class=\" size-full wp-image-1313\" src=\"https:\/\/es.euroelectrictour.com\/es\/wp-content\/uploads\/2017\/09\/images_photoMix_yyyy0926_JourneeEuropeeneDesLangues_klein-20.jpg\" alt=\"\" width=\"150\" height=\"81\" \/> <img loading=\"lazy\" decoding=\"async\" class=\" size-full wp-image-1314\" src=\"https:\/\/es.euroelectrictour.com\/es\/wp-content\/uploads\/2017\/09\/images_photoMix_yyyy0926_JourneeEuropeeneDesLangues_klein-21.jpg\" alt=\"\" width=\"150\" height=\"81\" \/> <img loading=\"lazy\" decoding=\"async\" class=\" size-full wp-image-1315\" src=\"https:\/\/es.euroelectrictour.com\/es\/wp-content\/uploads\/2017\/09\/images_photoMix_yyyy0926_JourneeEuropeeneDesLangues_klein-22.jpg\" alt=\"\" width=\"150\" height=\"81\" \/> <img loading=\"lazy\" decoding=\"async\" class=\" size-full wp-image-1316\" src=\"https:\/\/es.euroelectrictour.com\/es\/wp-content\/uploads\/2017\/09\/images_photoMix_yyyy0926_JourneeEuropeeneDesLangues_klein-23.jpg\" alt=\"\" width=\"150\" height=\"81\" \/> <img loading=\"lazy\" decoding=\"async\" class=\" size-full wp-image-1317\" src=\"https:\/\/es.euroelectrictour.com\/es\/wp-content\/uploads\/2017\/09\/images_photoMix_yyyy0926_JourneeEuropeeneDesLangues_klein-24.jpg\" alt=\"\" width=\"150\" height=\"81\" \/> <img loading=\"lazy\" decoding=\"async\" class=\" size-full wp-image-1318\" src=\"https:\/\/es.euroelectrictour.com\/es\/wp-content\/uploads\/2017\/09\/images_photoMix_yyyy0926_JourneeEuropeeneDesLangues_klein-25.jpg\" alt=\"\" width=\"150\" height=\"81\" \/> <img loading=\"lazy\" decoding=\"async\" class=\" size-full wp-image-1319\" src=\"https:\/\/es.euroelectrictour.com\/es\/wp-content\/uploads\/2017\/09\/images_photoMix_yyyy0926_JourneeEuropeeneDesLangues_klein-26.jpg\" alt=\"\" width=\"150\" height=\"81\" \/> <img loading=\"lazy\" decoding=\"async\" class=\" size-full wp-image-1320\" src=\"https:\/\/es.euroelectrictour.com\/es\/wp-content\/uploads\/2017\/09\/images_photoMix_yyyy0926_JourneeEuropeeneDesLangues_klein-27.jpg\" alt=\"\" width=\"150\" height=\"81\" \/> <img loading=\"lazy\" decoding=\"async\" class=\" size-full wp-image-1321\" src=\"https:\/\/es.euroelectrictour.com\/es\/wp-content\/uploads\/2017\/09\/images_photoMix_yyyy0926_JourneeEuropeeneDesLangues_klein-28.jpg\" alt=\"\" width=\"150\" height=\"81\" \/> <img loading=\"lazy\" decoding=\"async\" class=\" size-full wp-image-1322\" src=\"https:\/\/es.euroelectrictour.com\/es\/wp-content\/uploads\/2017\/09\/images_photoMix_yyyy0926_JourneeEuropeeneDesLangues_klein-29.jpg\" alt=\"\" width=\"150\" height=\"81\" \/> <img loading=\"lazy\" decoding=\"async\" class=\" size-full wp-image-1323\" src=\"https:\/\/es.euroelectrictour.com\/es\/wp-content\/uploads\/2017\/09\/images_photoMix_yyyy0926_JourneeEuropeeneDesLangues_klein-30.jpg\" alt=\"\" width=\"150\" height=\"81\" \/> <img loading=\"lazy\" decoding=\"async\" class=\" size-full wp-image-1324\" src=\"https:\/\/es.euroelectrictour.com\/es\/wp-content\/uploads\/2017\/09\/images_photoMix_yyyy0926_JourneeEuropeeneDesLangues_klein-31.jpg\" alt=\"\" width=\"150\" height=\"81\" \/> <img loading=\"lazy\" decoding=\"async\" class=\" size-full wp-image-1325\" src=\"https:\/\/es.euroelectrictour.com\/es\/wp-content\/uploads\/2017\/09\/images_photoMix_yyyy0926_JourneeEuropeeneDesLangues_klein-32.jpg\" alt=\"\" width=\"150\" height=\"81\" \/> <img loading=\"lazy\" decoding=\"async\" class=\" size-full wp-image-1326\" src=\"https:\/\/es.euroelectrictour.com\/es\/wp-content\/uploads\/2017\/09\/images_photoMix_yyyy0926_JourneeEuropeeneDesLangues_klein-33.jpg\" alt=\"\" width=\"150\" height=\"81\" \/> <img loading=\"lazy\" decoding=\"async\" class=\" size-full wp-image-1326\" src=\"https:\/\/es.euroelectrictour.com\/es\/wp-content\/uploads\/2017\/09\/images_photoMix_yyyy0926_JourneeEuropeeneDesLangues_klein-33.jpg\" alt=\"\" width=\"150\" height=\"81\" \/> <img loading=\"lazy\" decoding=\"async\" class=\" size-full wp-image-1327\" src=\"https:\/\/es.euroelectrictour.com\/es\/wp-content\/uploads\/2017\/09\/images_photoMix_yyyy0926_JourneeEuropeeneDesLangues_klein-34.jpg\" alt=\"\" width=\"150\" height=\"81\" \/> <img loading=\"lazy\" decoding=\"async\" class=\" size-full wp-image-1328\" src=\"https:\/\/es.euroelectrictour.com\/es\/wp-content\/uploads\/2017\/09\/images_photoMix_yyyy0926_JourneeEuropeeneDesLangues_klein-35.jpg\" alt=\"\" width=\"150\" height=\"81\" \/> <img loading=\"lazy\" decoding=\"async\" class=\" size-full wp-image-1329\" src=\"https:\/\/es.euroelectrictour.com\/es\/wp-content\/uploads\/2017\/09\/images_photoMix_yyyy0926_JourneeEuropeeneDesLangues_klein-36.jpg\" alt=\"\" width=\"150\" height=\"81\" \/> <img loading=\"lazy\" decoding=\"async\" class=\" size-full wp-image-1330\" src=\"https:\/\/es.euroelectrictour.com\/es\/wp-content\/uploads\/2017\/09\/images_photoMix_yyyy0926_JourneeEuropeeneDesLangues_klein-37.jpg\" alt=\"\" width=\"150\" height=\"81\" \/> <img loading=\"lazy\" decoding=\"async\" class=\" size-full wp-image-1331\" src=\"https:\/\/es.euroelectrictour.com\/es\/wp-content\/uploads\/2017\/09\/images_photoMix_yyyy0926_JourneeEuropeeneDesLangues_klein-38.jpg\" alt=\"\" width=\"150\" height=\"81\" \/> <img loading=\"lazy\" decoding=\"async\" class=\" size-full wp-image-1332\" src=\"https:\/\/es.euroelectrictour.com\/es\/wp-content\/uploads\/2017\/09\/images_photoMix_yyyy0926_JourneeEuropeeneDesLangues_klein-39.jpg\" alt=\"\" width=\"150\" height=\"81\" \/> <img loading=\"lazy\" decoding=\"async\" class=\" size-full wp-image-1333\" src=\"https:\/\/es.euroelectrictour.com\/es\/wp-content\/uploads\/2017\/09\/images_photoMix_yyyy0926_JourneeEuropeeneDesLangues_klein-40.jpg\" alt=\"\" width=\"150\" height=\"81\" \/><img loading=\"lazy\" decoding=\"async\" class=\" size-full wp-image-1334\" src=\"https:\/\/es.euroelectrictour.com\/es\/wp-content\/uploads\/2017\/09\/images_photoMix_yyyy0926_JourneeEuropeeneDesLangues_klein-41.jpg\" alt=\"klein 41\" width=\"150\" height=\"85\" \/><\/p>\n","protected":false},"excerpt":{"rendered":"<p>\u00a1Tantos idiomas diferentes en Europa y en Le Monde!<\/p>\n","protected":false},"author":3,"featured_media":1293,"comment_status":"open","ping_status":"open","sticky":false,"template":"","format":"standard","meta":{"footnotes":""},"categories":[48],"tags":[],"class_list":{"0":"post-1335","1":"post","2":"type-post","3":"status-publish","4":"format-standard","5":"has-post-thumbnail","7":"category-uncategorised","8":"czr-hentry"},"aioseo_notices":[],"_links":{"self":[{"href":"https:\/\/es.euroelectrictour.com\/es\/wp-json\/wp\/v2\/posts\/1335","targetHints":{"allow":["GET"]}}],"collection":[{"href":"https:\/\/es.euroelectrictour.com\/es\/wp-json\/wp\/v2\/posts"}],"about":[{"href":"https:\/\/es.euroelectrictour.com\/es\/wp-json\/wp\/v2\/types\/post"}],"author":[{"embeddable":true,"href":"https:\/\/es.euroelectrictour.com\/es\/wp-json\/wp\/v2\/users\/3"}],"replies":[{"embeddable":true,"href":"https:\/\/es.euroelectrictour.com\/es\/wp-json\/wp\/v2\/comments?post=1335"}],"version-history":[{"count":4,"href":"https:\/\/es.euroelectrictour.com\/es\/wp-json\/wp\/v2\/posts\/1335\/revisions"}],"predecessor-version":[{"id":1715,"href":"https:\/\/es.euroelectrictour.com\/es\/wp-json\/wp\/v2\/posts\/1335\/revisions\/1715"}],"wp:featuredmedia":[{"embeddable":true,"href":"https:\/\/es.euroelectrictour.com\/es\/wp-json\/wp\/v2\/media\/1293"}],"wp:attachment":[{"href":"https:\/\/es.euroelectrictour.com\/es\/wp-json\/wp\/v2\/media?parent=1335"}],"wp:term":[{"taxonomy":"category","embeddable":true,"href":"https:\/\/es.euroelectrictour.com\/es\/wp-json\/wp\/v2\/categories?post=1335"},{"taxonomy":"post_tag","embeddable":true,"href":"https:\/\/es.euroelectrictour.com\/es\/wp-json\/wp\/v2\/tags?post=1335"}],"curies":[{"name":"wp","href":"https:\/\/api.w.org\/{rel}","templated":true}]}}