{"id":682,"date":"2022-05-18T07:01:00","date_gmt":"2022-05-18T06:01:00","guid":{"rendered":"http:\/\/www.euroelectrictour.com\/w\/?p=682"},"modified":"2022-03-17T14:38:38","modified_gmt":"2022-03-17T13:38:38","slug":"fr-le-tour-deurope-dune-voiture-100-electrique-est-passe-par-la-cerdagne","status":"publish","type":"post","link":"https:\/\/es.euroelectrictour.com\/es\/europe\/682\/fr-le-tour-deurope-dune-voiture-100-electrique-est-passe-par-la-cerdagne\/","title":{"rendered":"FR &#8211;  La gira europea de un coche 100% el\u00e9ctrico pas\u00f3 por la Cerda\u00f1a"},"content":{"rendered":"\n<p><em>Traducido con www.DeepL.com\/Translator<\/em><\/p>\n\n\n\n<p><strong>La gira europea de un coche 100% el\u00e9ctrico pas\u00f3 por la Cerda\u00f1a<\/strong><\/p>\n\n\n\n<p>La semana pasada, un coche 100% el\u00e9ctrico pas\u00f3 por Font Romeu como parte de una gira en solitario sin gasolina por Europa. En m\u00e1s de dos meses, este veh\u00edculo de 2 toneladas, con 600 kg de bater\u00edas, ha recorrido 14.000 km, con Andorra, Espa\u00f1a y Portugal por recorrer m\u00e1s de 7.000 km antes de haber dado la vuelta a todos los pa\u00edses de Europa.<br><br>Alquilado y conducido por Serge, el Tesla americano no se ha roto. Sin embargo, las conexiones no son f\u00e1cilmente accesibles en la mayor\u00eda de las regiones europeas. Este veh\u00edculo totalmente el\u00e9ctrico y de bajo consumo fue una gran ayuda para Serge.<\/p>\n\n\n\n<p><\/p>\n\n\n\n<blockquote class=\"wp-block-quote is-layout-flow wp-block-quote-is-layout-flow\"><p> Le tour d\u2019Europe d\u2019Une voiture 100% \u00e9lectrique est pass\u00e9 par la Cerdagne  <\/p><p>La semaine derni\u00e8re, une voiture 100%  \u00e9lectrique est pass\u00e9e par Font Romeu, \u00e9tape d\u2019un tour d\u2019Europe en solo  et sans p\u00e9trole. En plus de deux mois ce v\u00e9hicule de 2 tonnes dont 600kg  de batteries a parcouru 14&nbsp;000 km, restent l\u2019Andorre, l\u2019Espagne et le  Portugal \u00e0 traverser sur 7000 km avant d\u2019avoir fait le tour de tous les  pays de l\u2019Europe.<br> Lou\u00e9e et pilot\u00e9e par Serge la  Tesla am\u00e9ricaine n\u2019est pas tomb\u00e9e en panne. Pourtant les raccordements  ne sont pas facilement accessibles dans la plus part des r\u00e9gions  europ\u00e9ennes. \u00c9conomique en carburant, ce v\u00e9hicule tout \u00e9lectrique a \u00e9t\u00e9  pour Serge un bon moyen de contacter les habitants des diff\u00e9rentes  \u00e9tapes pour se brancher sur le secteur !<\/p><cite>http:\/\/www.mairie-fontromeu.fr\/index.php\/vie-municipale\/l-actualite-au-jour-le-jour\/1625-le-tour-d%E2%80%99europe-d%E2%80%99une-voiture-100-%C3%A9lectrique-est-pass%C3%A9-par-la-cerdagne<\/cite><\/blockquote>\n\n\n\n<div class=\"wp-block-image\"><figure class=\"aligncenter is-resized\"><img decoding=\"async\" src=\"https:\/\/es.euroelectrictour.com\/es\/wp-content\/uploads\/2019\/04\/001voiture_electrique.jpg\" alt=\"\" class=\"wp-image-686\" width=\"350\" height=\"140\" srcset=\"https:\/\/es.euroelectrictour.com\/es\/wp-content\/uploads\/2019\/04\/001voiture_electrique.jpg 700w, https:\/\/es.euroelectrictour.com\/es\/wp-content\/uploads\/2019\/04\/001voiture_electrique-300x120.jpg 300w\" sizes=\"(max-width: 350px) 100vw, 350px\" \/><\/figure><\/div>\n","protected":false},"excerpt":{"rendered":"<p>Traducido con www.DeepL.com\/Translator La gira europea de un coche 100% el\u00e9ctrico pas\u00f3 por la Cerda\u00f1a La semana pasada, un coche 100% el\u00e9ctrico pas\u00f3 por Font Romeu como parte de una gira en solitario sin gasolina por Europa. En m\u00e1s de dos meses, este veh\u00edculo de 2 toneladas, con 600 kg de bater\u00edas, ha recorrido 14.000 [&hellip;]<\/p>\n","protected":false},"author":3,"featured_media":686,"comment_status":"open","ping_status":"open","sticky":false,"template":"","format":"standard","meta":{"footnotes":""},"categories":[1],"tags":[],"class_list":{"0":"post-682","1":"post","2":"type-post","3":"status-publish","4":"format-standard","5":"has-post-thumbnail","7":"category-europe","8":"czr-hentry"},"aioseo_notices":[],"_links":{"self":[{"href":"https:\/\/es.euroelectrictour.com\/es\/wp-json\/wp\/v2\/posts\/682","targetHints":{"allow":["GET"]}}],"collection":[{"href":"https:\/\/es.euroelectrictour.com\/es\/wp-json\/wp\/v2\/posts"}],"about":[{"href":"https:\/\/es.euroelectrictour.com\/es\/wp-json\/wp\/v2\/types\/post"}],"author":[{"embeddable":true,"href":"https:\/\/es.euroelectrictour.com\/es\/wp-json\/wp\/v2\/users\/3"}],"replies":[{"embeddable":true,"href":"https:\/\/es.euroelectrictour.com\/es\/wp-json\/wp\/v2\/comments?post=682"}],"version-history":[{"count":4,"href":"https:\/\/es.euroelectrictour.com\/es\/wp-json\/wp\/v2\/posts\/682\/revisions"}],"predecessor-version":[{"id":1575,"href":"https:\/\/es.euroelectrictour.com\/es\/wp-json\/wp\/v2\/posts\/682\/revisions\/1575"}],"wp:featuredmedia":[{"embeddable":true,"href":"https:\/\/es.euroelectrictour.com\/es\/wp-json\/wp\/v2\/media\/686"}],"wp:attachment":[{"href":"https:\/\/es.euroelectrictour.com\/es\/wp-json\/wp\/v2\/media?parent=682"}],"wp:term":[{"taxonomy":"category","embeddable":true,"href":"https:\/\/es.euroelectrictour.com\/es\/wp-json\/wp\/v2\/categories?post=682"},{"taxonomy":"post_tag","embeddable":true,"href":"https:\/\/es.euroelectrictour.com\/es\/wp-json\/wp\/v2\/tags?post=682"}],"curies":[{"name":"wp","href":"https:\/\/api.w.org\/{rel}","templated":true}]}}